{"id":1429,"date":"2015-09-21T21:24:58","date_gmt":"2015-09-21T21:24:58","guid":{"rendered":"http:\/\/globewomen.org\/CWDInet\/?p=1429"},"modified":"2015-09-28T13:40:50","modified_gmt":"2015-09-28T13:40:50","slug":"150-mujeres-copan-la-bolsa-de-madrid","status":"publish","type":"post","link":"https:\/\/globewomen.org\/CWDINet\/index.php\/150-mujeres-copan-la-bolsa-de-madrid\/","title":{"rendered":"150 mujeres copan la Bolsa de Madrid"},"content":{"rendered":"<h3 style=\"text-align: center;\"><a href=\"http:\/\/www.mujeresycia.com\/?x=nota\/41531\/1\/150-mujeres-copan-la-bolsa-de-madrid\">To view original article on Mujeres y Cia website, click here<\/a><\/h3>\n<p><a href=\"https:\/\/globewomen.org\/CWDINet\/wp-content\/uploads\/2015\/09\/Capture3.gif\"><img loading=\"lazy\" class=\"aligncenter size-full wp-image-1739\" src=\"https:\/\/globewomen.org\/CWDINet\/wp-content\/uploads\/2015\/09\/Capture3.gif\" alt=\"Capture\" width=\"978\" height=\"122\" \/><\/a><\/p>\n<p><img loading=\"lazy\" class=\"alignright size-full wp-image-1430\" src=\"https:\/\/globewomen.org\/CWDINet\/wp-content\/uploads\/2015\/09\/Bolsa-Madrid-Mujeres_th_3.jpg\" alt=\"Bolsa-Madrid-Mujeres_th_3\" width=\"210\" height=\"245\" \/>Ciento cincuenta mujeres de altos cargos, consejeras y directivas de importantes empresas espa\u00f1olas, dieron el campanazo en la Bolsa de Madrid. Por primera vez en la historia la apertura de la sesi\u00f3n burs\u00e1til en el parqu\u00e9 de la Bolsa espa\u00f1ola fue hecha por mujeres. Fue parte del programa Corporate Women Directors International (CWDI) para conmemorar el <em>&#8216;A\u00f1o de las Mujeres&#8217;<\/em>, el evento fue convocado por <strong>Irene Natividad <\/strong>(Global Summit of Women) y <strong>Margarita de Cos<\/strong> (WWF). Fue un \u00e9xito total.<\/p>\n<p><strong>\u00bfQui\u00e9nes estuvieron?<\/strong><\/p>\n<p><strong>Rosa Maria Garcia, <\/strong>consejera de Banesto y BME;<strong>Carmen Mur<\/strong>, Consejera de Manpower; la consejera de Jazztel, <strong>Elena Gil;<\/strong> la presidenta de ISEM Fashion Business School, <strong>Covadonga O&#8217;Shea<\/strong>; la directora general de Indra, <strong>Emma Fern\u00e1ndez<\/strong>; la presidenta de ASEME (Asociaci\u00f3n Espa\u00f1ola de Mujeres Empresarias de Madrid), Inmaculada \u00c1lvarez; la directora de BBVA, <strong>Paloma Rodr\u00edguez de R\u00e1vena<\/strong>; la consejera de Acerinox, Banesto y Ageas, <strong>Maite Ballester<\/strong>, directora general de 3i y<strong>Petra Mateos,<\/strong> presidenta de Hispasat fueron algunas de las mujeres convocadas. Tambien lo hicieron <strong>Elena Pisonero<\/strong> -KPMG-, <strong>Elena Garrigues<\/strong>, <strong>Isabel Linares <\/strong>-Telemadrid-, <strong>Isabel Estap\u00e9, Maria Benjumea <\/strong>-Infoempleo-<strong> , Susan Solomont, Concepci\u00f3n Dancausa <\/strong>-Comunidad de Madrid-<strong>, Margarita Prat <\/strong>( vicepresidenta de la bolsa BME) y varias consejeras del ibex y mercado continuo. (Abengoa Viscofan, NATRA, Realia, Inypsa, etc.) Entre las m\u00e1s entusiastas en relaci\u00f3n a la iniciativa pero que luego por viaje u obligaciones impostergables no estuvieron finalmente se encuentran <strong>Isabel Tocino, Ana Pastor, Blanca Montero Belen Romana.<\/strong><\/p>\n<p><img loading=\"lazy\" src=\"http:\/\/www.mujeresycia.com\/uploads\/img\/Bolsamadrid.jpg\" alt=\"\" width=\"280\" height=\"287\" align=\"left\" hspace=\"7\" vspace=\"7\" \/><em>&gt;&gt;&gt;En la foto, Irene Natividad, Paloma Adrados, Margarita de Cos y Ma.Jos\u00e9 P\u00e9rez Cejuela, celebran la apertura.<\/em><\/p>\n<p>Tambi\u00e9n asistieron al acto de toque de campana l\u00edderes pol\u00edticas como la ex-ministra <strong>Cristina Alberdi, <\/strong>la consejera de Empleo, Mujer e Inmigraci\u00f3n de la Comunidad de Madrid,<strong>Paloma Adrados <\/strong>y<strong> Mar\u00eda Jos\u00e9 P\u00e9rez Cejuela,\u00a0<\/strong>Directora General de la Mujer. El presidente de BME, <strong>Antonio Zoido,<\/strong> ha mostrado la satisfacci\u00f3n de<em> &#8220;contar con estas destacadas mujeres para la apertura de honor de la sesi\u00f3n burs\u00e1til&#8221;.<\/em><\/p>\n<p>Por su parte, la presidenta de CWDI,<strong> Irene Natividad, <\/strong>ha asegurado que <em>&#8220;se demuestra el creciente impacto que las mujeres espa\u00f1olas tienen en la econom\u00eda del pa\u00eds a trav\u00e9s de sus diferentes funciones como ejecutivas de alta direcci\u00f3n, consejeras y empresarias&#8221; y ha apuntado que &#8220;el porcentaje actual de consejeras en Espa\u00f1a, del 11 por ciento, manifiesta posibilidad de mejor\u00eda&#8221;.<\/em><\/p>\n<p>Corporate Women Directors International (CWDI) es una organizaci\u00f3n con sede en Washington que monitorea e impulsa la presencia de mujeres en los consejos de administraci\u00f3n a escala internacional y ha organizado este acto en colaboraci\u00f3n con la <strong>Comunidad de Madrid<\/strong> y el<strong>Instituto de Estudios Burs\u00e1tiles<\/strong>.<em> &#8220;Hoy ha quedado demostrado el creciente impacto que las mujeres espa\u00f1olas tienen en la econom\u00eda desde sus funciones como ejecutivas de alta direcci\u00f3n, consejeras y empresarias&#8221;, <\/em>expres\u00f3<strong> Irene Natividad,<\/strong> presidenta de CWDI, durante su participaci\u00f3n en el acto y ha a\u00f1adido que <em>&#8220;aunque el porcentaje actual de consejeras en Espa\u00f1a, alcanza el 11% las mujeres que hoy est\u00e1n aqu\u00ed, ponen de manifiesto la gran cantidad de mujeres espa\u00f1olas que hoy son l\u00edderes en diferentes sectores de la econom\u00eda del pa\u00eds&#8221;.\u00a0<\/em><\/p>\n<p><img loading=\"lazy\" class=\"aligncenter\" src=\"http:\/\/www.mujeresycia.com\/uploads\/img\/MujeresBolsa.jpg\" alt=\"\" width=\"570\" height=\"382\" hspace=\"5\" vspace=\"5\" \/><\/p>\n<p>Queremos nombrar a todas \u00bfNos ayudas? Env\u00edanos un<a href=\"mailto:mujeres@mujeresycia.com\" target=\"_blank\"> email<\/a> con el asunto Mujeres en la Bolsa y ay\u00fadanos a completar el listado.<\/p>\n<table border=\"0\" width=\"409\" cellspacing=\"0\" cellpadding=\"0\">\n<tbody>\n<tr>\n<td width=\"409\" height=\"17\"><strong>Alicia Castro Oporto,<\/strong> CastrOporto Arquitectos<\/td>\n<\/tr>\n<tr>\n<td height=\"17\"><strong>Ana Mar\u00eda Ruiz Tagle<\/strong>, Universidad de Sevilla<\/td>\n<\/tr>\n<tr>\n<td height=\"17\"><strong>Ana Moreno Giraldo<\/strong>, IEB<\/td>\n<\/tr>\n<tr>\n<td height=\"17\"><strong>Anna Fumarola<\/strong>, social Communication consultant.<\/td>\n<\/tr>\n<tr>\n<td height=\"17\"><strong>Antonieta Delgado<\/strong>, socia de Net World Servicios Inform\u00e1ticos.<\/td>\n<\/tr>\n<tr>\n<td height=\"17\"><strong>Carmen Carri\u00f3n<\/strong>, AMEC<\/td>\n<\/tr>\n<tr>\n<td height=\"17\"><strong>Carmen Mur<\/strong>, Consejera de Manpower<\/td>\n<\/tr>\n<tr>\n<td height=\"17\"><strong>Concepci\u00f3n Dancausa<\/strong> -Comunidad de Madrid-<\/td>\n<\/tr>\n<tr>\n<td height=\"17\"><strong>Covadonga O&#8217;Shea<\/strong>, presidenta de ISEM Fashion Business School<\/td>\n<\/tr>\n<tr>\n<td height=\"17\"><strong>Cristina Gim\u00e9nez Ve<\/strong>ga, Aditum<\/td>\n<\/tr>\n<tr>\n<td height=\"17\"><strong>Cuca P\u00e9rez Castellanos<\/strong>, P\u00e9rez Castellanos &amp; Asoc.<\/td>\n<\/tr>\n<tr>\n<td height=\"17\"><strong>Elena Garrigues<\/strong><\/td>\n<\/tr>\n<tr>\n<td height=\"17\"><strong>Elena Gil<\/strong>, consejera de Jazztel<\/td>\n<\/tr>\n<tr>\n<td height=\"17\"><strong>Elena Pisonero<\/strong> -KPMG-<\/td>\n<\/tr>\n<tr>\n<td height=\"17\"><strong>Elena Terol,<\/strong> Excellent Search<\/td>\n<\/tr>\n<tr>\n<td height=\"17\"><strong>Elizabeth Trallero<\/strong>, Pta.de EWMD y de Congost.<\/td>\n<\/tr>\n<tr>\n<td height=\"17\"><strong>Emma Fern\u00e1ndez, <\/strong>Indra<\/td>\n<\/tr>\n<tr>\n<td height=\"17\"><strong>Eva Levy,<\/strong> Excelent Search<\/td>\n<\/tr>\n<tr>\n<td height=\"17\"><strong>Eva Navarrete<\/strong>, EWMD<\/td>\n<\/tr>\n<tr>\n<td height=\"17\"><strong>Gloria Lorenzo,<\/strong>OWL (Oracle Women Leadership)<\/td>\n<\/tr>\n<tr>\n<td height=\"17\"><strong>Inmaculada \u00c1lvarez<\/strong>, ASEME<\/td>\n<\/tr>\n<tr>\n<td><strong>Inmaculada P\u00e9rez Castellanos,<\/strong> PC&amp;A<strong><br \/>\n<\/strong><\/td>\n<\/tr>\n<tr>\n<td height=\"17\"><strong>Irene Natividad, <\/strong>Global Summit of Women<\/td>\n<\/tr>\n<tr>\n<td height=\"17\"><strong>Isabel Estap\u00e9<\/strong><\/td>\n<\/tr>\n<tr>\n<td height=\"17\"><strong>Isabel Linares, <\/strong>Telemadrid-<\/td>\n<\/tr>\n<tr>\n<td><strong>Isabel Mart\u00ednez de Sol\u00e1<\/strong>, EnRed<\/td>\n<\/tr>\n<tr>\n<td height=\"17\"><strong>Ma. Elvira Ticevic,<\/strong> ILatina<\/td>\n<\/tr>\n<tr>\n<td height=\"17\"><strong>Ma. Jes\u00fas Oporto,<\/strong> Armacasa<\/td>\n<\/tr>\n<tr>\n<td height=\"17\"><strong>Ma. Jos\u00e9 P\u00e9rez Cejuela<\/strong>, Comunidad de Madrid<\/td>\n<\/tr>\n<tr>\n<td height=\"17\"><strong>Maite Ballester,<\/strong> directora general de 3i<\/td>\n<\/tr>\n<tr>\n<td height=\"17\"><strong>Maitena Servajean,<\/strong> Directora General de Kleidi Consulting<\/td>\n<\/tr>\n<tr>\n<td height=\"17\"><strong>Margarita de Cos,<\/strong> WWF<\/td>\n<\/tr>\n<tr>\n<td height=\"17\"><strong>Margarita Prat,<\/strong> Vicepresidenta de la bolsa BME<\/td>\n<\/tr>\n<tr>\n<td height=\"17\"><strong>Maria Benjumea, <\/strong>Infoempleo<\/td>\n<\/tr>\n<tr>\n<td height=\"17\"><strong>Mar\u00eda de los Angeles Verdes Gago<\/strong> , EWMD y Mediapubli Marketing.<\/td>\n<\/tr>\n<tr>\n<td><strong>Mercedes Wullich<\/strong>, Mujeresycia.com<\/td>\n<\/tr>\n<tr>\n<td height=\"17\"><strong>Miren Polo,<\/strong> Indas<\/td>\n<\/tr>\n<tr>\n<td height=\"17\"><strong>Nuria Chinchilla,<\/strong> IESE<\/td>\n<\/tr>\n<tr>\n<td height=\"17\"><strong>Olga Gil<\/strong>, Cognolab<\/td>\n<\/tr>\n<tr>\n<td height=\"17\"><strong>Paloma Adrados<\/strong>, Comunidad de Madrid<\/td>\n<\/tr>\n<tr>\n<td height=\"17\"><strong>Paloma Portela, <\/strong>CEDE<strong><br \/>\n<\/strong><\/td>\n<\/tr>\n<tr>\n<td height=\"17\"><strong>Paloma Rodr\u00edguez de R\u00e1vena,<\/strong> directora de BBVA<\/td>\n<\/tr>\n<tr>\n<td height=\"17\"><strong>Pascal Bang Rouhet, <\/strong>Expresarte<\/td>\n<\/tr>\n<tr>\n<td height=\"17\"><strong>Petra Mateos,<\/strong> presidenta de Hispasat<\/td>\n<\/tr>\n<tr>\n<td><strong>Pilar Cardenal,<\/strong>\u00a0 Robert Allen-Horton<\/td>\n<\/tr>\n<tr>\n<td height=\"17\"><strong>Pino Bethencourt<\/strong>, socia de Bethencourt Strategic Depelopement.<\/td>\n<\/tr>\n<tr>\n<td height=\"17\"><strong>Rosa de la Cal, <\/strong>Add Talentia<\/td>\n<\/tr>\n<tr>\n<td height=\"17\"><strong>Rosa Mar\u00eda Aguirre, <\/strong>Directora Financiera de Mayvan.<\/td>\n<\/tr>\n<tr>\n<td><strong>Rosa Mar\u00eda Arias, <\/strong>Oracle<\/td>\n<\/tr>\n<tr>\n<td height=\"17\"><strong>Rosa Maria Garcia,<\/strong> consejera de Banesto y BME<\/td>\n<\/tr>\n<tr>\n<td height=\"17\"><strong>Rose Marie Losier, <\/strong>C\u00e1mara Canad\u00e1<\/td>\n<\/tr>\n<tr>\n<td height=\"17\"><strong>Rosario Jim\u00e9nez Santiago<\/strong>, Comunidad de Madrid<\/td>\n<\/tr>\n<tr>\n<td height=\"17\"><strong>Sara Biegger,<\/strong> Leaders Trust<strong><br \/>\n<\/strong><\/td>\n<\/tr>\n<tr>\n<td height=\"17\"><strong>Susan Solomont<\/strong><\/td>\n<\/tr>\n<tr>\n<td height=\"17\"><strong>Susana Marcos<\/strong>, Socia de Peoplematters.<\/td>\n<\/tr>\n<tr>\n<td height=\"17\"><strong>Viruca Yebra<\/strong><\/td>\n<\/tr>\n<\/tbody>\n<\/table>\n<p>&nbsp;<\/p>\n<p><strong>Tambi\u00e9n te pueden interesar&#8230;<\/strong><\/p>\n<ul>\n<li><a href=\"http:\/\/www.mujeresycia.com\/index.php?x=nota\/41207\/1\/sobre-davos-merkel-y-el-rescate-de-la-eurozona\"><strong>Sobre Davos, Merkel y el rescate de la Eurozona<\/strong><\/a><\/li>\n<li><strong><a href=\"http:\/\/www.mujeresycia.com\/\/?x=nota\/38953\/1\/europa-mas-mujeres-en-las-juntas-pero-pocas-presidentas\">Global Summit of Women 2010, las voces y los ecos<\/a><\/strong><\/li>\n<li><strong><a href=\"http:\/\/www.mujeresycia.com\/\/?x=nota\/38953\/1\/europa-mas-mujeres-en-las-juntas-pero-pocas-presidentas\">Global Summit of Women 2010: 1000 mujeres en Beijing<\/a><\/strong><\/li>\n<li><strong><a href=\"http:\/\/www.mujeresycia.com\/\/?x=nota\/38953\/1\/europa-mas-mujeres-en-las-juntas-pero-pocas-presidentas\">Global Summit of Women 2010<\/a><\/strong><\/li>\n<li><strong><a href=\"http:\/\/www.mujeresycia.com\/index.php?x=nota\/35323\/1\/global-summit-of-women-la-agenda-ludica\">Global Summit of Women 2010: la agenda l\u00fadica<\/a><\/strong><\/li>\n<li><strong><a href=\"http:\/\/www.mujeresycia.com\/index.php?x=nota\/8231\/1\/cumbre-de-mujeres-09-ser-parte-del-mundo\">Cumbre de Mujeres 09: ser parte del mundo<\/a><\/strong><\/li>\n<li><strong><a href=\"http:\/\/www.mujeresycia.com\/index.php?x=nota\/8187\/1\/cumbre-global-2009-lo-que-logran-las-mujeres\">Cumbre Global 2009: Lo que logran las mujeres<\/a><\/strong><\/li>\n<li><strong><a href=\"http:\/\/www.mujeresycia.com\/index.php?x=nota\/34839\/1\/amep-las-mujeres-son-parte-de-la-solucion\">AMEP: Las mujeres son parte de la soluci\u00f3n<\/a><\/strong><\/li>\n<li><strong><a href=\"http:\/\/www.mujeresycia.com\/index.php?x=nota\/34655\/1\/a-la-caza-de-los-congresos-de-mujeres-ii\">A la caza de los congresos de mujeres II<\/a><\/strong><\/li>\n<li><strong><a href=\"http:\/\/www.mujeresycia.com\/index.php?x=nota\/8203\/1\/concluyo-el-davos-de-las-mujeres-\">Concluy\u00f3 el Davos de las mujeres<\/a><\/strong><\/li>\n<li><strong><a href=\"http:\/\/www.mujeresycia.com\/index.php?x=nota\/7343\/1\/llega-global-summit-of-women\">Qui\u00e9n es qui\u00e9n: Michel Bachelet<\/a><\/strong><\/li>\n<li><strong><a href=\"http:\/\/www.mujeresycia.com\/index.php?x=nota\/4639\/1\/natividad-irene\">Qui\u00e9n es qui\u00e9n: Irene Natividad<\/a><\/strong><\/li>\n<li><strong><a href=\"http:\/\/www.mujeresycia.com\/index.php?x=nota\/7343\/1\/llega-global-summit-of-women\">Llega Global Summit of Women<\/a><\/strong><\/li>\n<li><strong><a href=\"http:\/\/www.mujeresycia.com\/index.php?x=nota\/4619\/1\/cumbre-global-de-mujeres\">Cumbre Global de Mujeres<\/a><\/strong><\/li>\n<li><strong><a href=\"http:\/\/www.mujeresycia.com\/index.php?x=nota\/6647\/1\/laura-gonzalez-molero-es-la-ejecutiva-del-ano\">Laura Gonz\u00e1lez-Molero, es la ejecutiva del a\u00f1o<\/a><\/strong><\/li>\n<li><strong><a href=\"http:\/\/www.mujeresycia.com\/index.php?x=nota\/4619\/1\/cumbre-global-de-mujeres\">Cumbre Global de Mujeres 2008<\/a><\/strong><\/li>\n<\/ul>\n","protected":false},"excerpt":{"rendered":"<p>To view original article on Mujeres y Cia website, click here Ciento cincuenta mujeres de altos cargos, consejeras y directivas de importantes empresas espa\u00f1olas, dieron el campanazo en la Bolsa de Madrid. Por primera vez en la historia la apertura&hellip; <a href=\"https:\/\/globewomen.org\/CWDINet\/index.php\/150-mujeres-copan-la-bolsa-de-madrid\/\" class=\"more-link\">Continue Reading <span class=\"meta-nav\">&rarr;<\/span><\/a><\/p>\n","protected":false},"author":1,"featured_media":1828,"comment_status":"closed","ping_status":"open","sticky":false,"template":"","format":"standard","meta":[],"categories":[29,35],"tags":[],"_links":{"self":[{"href":"https:\/\/globewomen.org\/CWDINet\/index.php\/wp-json\/wp\/v2\/posts\/1429"}],"collection":[{"href":"https:\/\/globewomen.org\/CWDINet\/index.php\/wp-json\/wp\/v2\/posts"}],"about":[{"href":"https:\/\/globewomen.org\/CWDINet\/index.php\/wp-json\/wp\/v2\/types\/post"}],"author":[{"embeddable":true,"href":"https:\/\/globewomen.org\/CWDINet\/index.php\/wp-json\/wp\/v2\/users\/1"}],"replies":[{"embeddable":true,"href":"https:\/\/globewomen.org\/CWDINet\/index.php\/wp-json\/wp\/v2\/comments?post=1429"}],"version-history":[{"count":4,"href":"https:\/\/globewomen.org\/CWDINet\/index.php\/wp-json\/wp\/v2\/posts\/1429\/revisions"}],"predecessor-version":[{"id":1740,"href":"https:\/\/globewomen.org\/CWDINet\/index.php\/wp-json\/wp\/v2\/posts\/1429\/revisions\/1740"}],"wp:featuredmedia":[{"embeddable":true,"href":"https:\/\/globewomen.org\/CWDINet\/index.php\/wp-json\/wp\/v2\/media\/1828"}],"wp:attachment":[{"href":"https:\/\/globewomen.org\/CWDINet\/index.php\/wp-json\/wp\/v2\/media?parent=1429"}],"wp:term":[{"taxonomy":"category","embeddable":true,"href":"https:\/\/globewomen.org\/CWDINet\/index.php\/wp-json\/wp\/v2\/categories?post=1429"},{"taxonomy":"post_tag","embeddable":true,"href":"https:\/\/globewomen.org\/CWDINet\/index.php\/wp-json\/wp\/v2\/tags?post=1429"}],"curies":[{"name":"wp","href":"https:\/\/api.w.org\/{rel}","templated":true}]}}